{"id":81,"date":"2014-07-28T12:04:00","date_gmt":"2014-07-28T12:04:00","guid":{"rendered":"http:\/\/localhost\/ars\/?p=81"},"modified":"2024-08-05T09:12:42","modified_gmt":"2024-08-05T09:12:42","slug":"20-11-2014","status":"publish","type":"post","link":"https:\/\/www.folklore.ee\/ars\/2014\/07\/28\/20-11-2014\/","title":{"rendered":"20.11.2014"},"content":{"rendered":"\n<p><strong>Olete oodatud Akadeemilise Rahvaluule Seltsi k\u00f5nekoosolekule<\/strong><\/p>\n\n\n\n<p><strong>Neljap\u00e4eval, 20. novembril 2014 kell 16.15<br>Eesti Kirjandusmuuseumi saalis (Vanemuise 42)<\/strong><\/p>\n\n\n\n<p>The meeting of the Academic Folklore Society will take place on Thursday, November 20, 2014 at 16.15 in the Estonian Literary Museum (Vanemuise 42).<\/p>\n\n\n\n<p>Kavas:<\/p>\n\n\n\n<ul class=\"wp-block-list\">\n<li><strong>Laura Siragusa<\/strong> (Tartu \u00fclikool, Aberdeeni \u00fclikool) &#8211; &#8220;Language sustainability and healing oral practices: Vepsian puhegid&#8221; (Ettekanne inglise keeles)<\/li>\n<\/ul>\n\n\n\n<p>K\u00f5ik on oodatud kuulama!<br>Everybody is welcome!<\/p>\n\n\n\n<p>Info: Pihla Maria Siim 737 6256<\/p>\n\n\n\n<p>ABSTRACT:<\/p>\n\n\n\n<p>Dr. Laura Siragusa<br>Post-Doc in Anthropology at the University of Tartu, Estonia; and Associated Researcher at the University of Aberdeen, U.K.<br><strong>Language sustainability and healing oral practices: Vepsian puhegid<\/strong><\/p>\n\n\n\n<p>This paper introduces Veps and their heritage language, Vepsian, in order to unwrap some issues related to the question, &#8216;can a language be sustainable.&#8217; I argue that this question is debatable in itself, given that languages are neither abstract nor detached entities which need to be sustained in order not to vanish. Yet, there are specific social (or more broadly, ecological) factors that hinder people from speaking them. Maintaining a focus on ways of speaking, I claim that people manifest (or not) languages depending on the ecology in which they find themselves. Language ecology comprises not only language ideologies and communicative practices but also convoluted relations with anything (human and non-human) existing in the world. Therefore, the concept of sustainability needs to be re-directed towards the ecology where people manifest language more than towards language as a system of rules. By reframing the concept of sustainability I here present language as an indicator of relations with the environment, human and non-human beings as well as the relation itself. And I demonstrate that it is specifically in these relations that people can sustain their ways of speaking and vice versa. That is, by speaking and employing specific oral genres Veps have demonstrated to protect (and sustain) themselves, animals, and the environment where they live from undesirable misfortunes.<\/p>\n\n\n\n<p>Key words: agency, healing, enchantments (puhegid in Vepsian), sustainability, relationality, Vepsian heritage language<\/p>\n","protected":false},"excerpt":{"rendered":"<p>ARSi k\u00f5nekoosolek<\/p>\n","protected":false},"author":1,"featured_media":0,"comment_status":"closed","ping_status":"open","sticky":false,"template":"","format":"standard","meta":{"footnotes":""},"categories":[2],"tags":[],"class_list":["post-81","post","type-post","status-publish","format-standard","hentry","category-uritus"],"yoast_head":"<!-- This site is optimized with the Yoast SEO plugin v20.12 - https:\/\/yoast.com\/wordpress\/plugins\/seo\/ -->\n<title>20.11.2014 | Akadeemiline Rahvaluule Selts<\/title>\n<meta name=\"robots\" content=\"index, follow, max-snippet:-1, max-image-preview:large, max-video-preview:-1\" \/>\n<link rel=\"canonical\" href=\"https:\/\/www.folklore.ee\/ars\/2014\/07\/28\/20-11-2014\/\" \/>\n<meta property=\"og:locale\" content=\"en_US\" \/>\n<meta property=\"og:type\" content=\"article\" \/>\n<meta property=\"og:title\" content=\"20.11.2014 | Akadeemiline Rahvaluule Selts\" \/>\n<meta property=\"og:description\" content=\"ARSi k\u00f5nekoosolek\" \/>\n<meta property=\"og:url\" content=\"https:\/\/www.folklore.ee\/ars\/2014\/07\/28\/20-11-2014\/\" \/>\n<meta property=\"og:site_name\" content=\"Akadeemiline Rahvaluule Selts\" \/>\n<meta property=\"article:published_time\" content=\"2014-07-28T12:04:00+00:00\" \/>\n<meta property=\"article:modified_time\" content=\"2024-08-05T09:12:42+00:00\" \/>\n<meta name=\"author\" content=\"root\" \/>\n<meta name=\"twitter:card\" content=\"summary_large_image\" \/>\n<meta name=\"twitter:label1\" content=\"Written by\" \/>\n\t<meta name=\"twitter:data1\" content=\"root\" \/>\n\t<meta name=\"twitter:label2\" content=\"Est. reading time\" \/>\n\t<meta name=\"twitter:data2\" content=\"2 minutes\" \/>\n<script type=\"application\/ld+json\" class=\"yoast-schema-graph\">{\"@context\":\"https:\/\/schema.org\",\"@graph\":[{\"@type\":\"WebPage\",\"@id\":\"https:\/\/www.folklore.ee\/ars\/2014\/07\/28\/20-11-2014\/\",\"url\":\"https:\/\/www.folklore.ee\/ars\/2014\/07\/28\/20-11-2014\/\",\"name\":\"20.11.2014 | Akadeemiline Rahvaluule Selts\",\"isPartOf\":{\"@id\":\"https:\/\/www.folklore.ee\/ars\/#website\"},\"datePublished\":\"2014-07-28T12:04:00+00:00\",\"dateModified\":\"2024-08-05T09:12:42+00:00\",\"author\":{\"@id\":\"https:\/\/www.folklore.ee\/ars\/#\/schema\/person\/62d498fabcd1c17f7bf20a0eb69e467d\"},\"breadcrumb\":{\"@id\":\"https:\/\/www.folklore.ee\/ars\/2014\/07\/28\/20-11-2014\/#breadcrumb\"},\"inLanguage\":\"en-US\",\"potentialAction\":[{\"@type\":\"ReadAction\",\"target\":[\"https:\/\/www.folklore.ee\/ars\/2014\/07\/28\/20-11-2014\/\"]}]},{\"@type\":\"BreadcrumbList\",\"@id\":\"https:\/\/www.folklore.ee\/ars\/2014\/07\/28\/20-11-2014\/#breadcrumb\",\"itemListElement\":[{\"@type\":\"ListItem\",\"position\":1,\"name\":\"Avaleht\",\"item\":\"https:\/\/www.folklore.ee\/ars\/\"},{\"@type\":\"ListItem\",\"position\":2,\"name\":\"20.11.2014\"}]},{\"@type\":\"WebSite\",\"@id\":\"https:\/\/www.folklore.ee\/ars\/#website\",\"url\":\"https:\/\/www.folklore.ee\/ars\/\",\"name\":\"Akadeemiline Rahvaluule Selts\",\"description\":\"Folkloristide, \u00fcli\u00f5pilaste ja k\u00f5igi rahvaluulest huvitatute \u00fchendus, mis aitab kaasa rahvaluule kogumisele, tutvustamisele, uurimisele ja publitseerimisele.\",\"potentialAction\":[{\"@type\":\"SearchAction\",\"target\":{\"@type\":\"EntryPoint\",\"urlTemplate\":\"https:\/\/www.folklore.ee\/ars\/?s={search_term_string}\"},\"query-input\":\"required name=search_term_string\"}],\"inLanguage\":\"en-US\"},{\"@type\":\"Person\",\"@id\":\"https:\/\/www.folklore.ee\/ars\/#\/schema\/person\/62d498fabcd1c17f7bf20a0eb69e467d\",\"name\":\"root\",\"image\":{\"@type\":\"ImageObject\",\"inLanguage\":\"en-US\",\"@id\":\"https:\/\/www.folklore.ee\/ars\/#\/schema\/person\/image\/\",\"url\":\"https:\/\/secure.gravatar.com\/avatar\/97e33e06b854b1f308d46767c9c9c963ff703406a58f50baa24c8dd349838c48?s=96&d=mm&r=g\",\"contentUrl\":\"https:\/\/secure.gravatar.com\/avatar\/97e33e06b854b1f308d46767c9c9c963ff703406a58f50baa24c8dd349838c48?s=96&d=mm&r=g\",\"caption\":\"root\"},\"sameAs\":[\"https:\/\/folklore.ee\/ars\"],\"url\":\"https:\/\/www.folklore.ee\/ars\/author\/root\/\"}]}<\/script>\n<!-- \/ Yoast SEO plugin. -->","yoast_head_json":{"title":"20.11.2014 | Akadeemiline Rahvaluule Selts","robots":{"index":"index","follow":"follow","max-snippet":"max-snippet:-1","max-image-preview":"max-image-preview:large","max-video-preview":"max-video-preview:-1"},"canonical":"https:\/\/www.folklore.ee\/ars\/2014\/07\/28\/20-11-2014\/","og_locale":"en_US","og_type":"article","og_title":"20.11.2014 | Akadeemiline Rahvaluule Selts","og_description":"ARSi k\u00f5nekoosolek","og_url":"https:\/\/www.folklore.ee\/ars\/2014\/07\/28\/20-11-2014\/","og_site_name":"Akadeemiline Rahvaluule Selts","article_published_time":"2014-07-28T12:04:00+00:00","article_modified_time":"2024-08-05T09:12:42+00:00","author":"root","twitter_card":"summary_large_image","twitter_misc":{"Written by":"root","Est. reading time":"2 minutes"},"schema":{"@context":"https:\/\/schema.org","@graph":[{"@type":"WebPage","@id":"https:\/\/www.folklore.ee\/ars\/2014\/07\/28\/20-11-2014\/","url":"https:\/\/www.folklore.ee\/ars\/2014\/07\/28\/20-11-2014\/","name":"20.11.2014 | Akadeemiline Rahvaluule Selts","isPartOf":{"@id":"https:\/\/www.folklore.ee\/ars\/#website"},"datePublished":"2014-07-28T12:04:00+00:00","dateModified":"2024-08-05T09:12:42+00:00","author":{"@id":"https:\/\/www.folklore.ee\/ars\/#\/schema\/person\/62d498fabcd1c17f7bf20a0eb69e467d"},"breadcrumb":{"@id":"https:\/\/www.folklore.ee\/ars\/2014\/07\/28\/20-11-2014\/#breadcrumb"},"inLanguage":"en-US","potentialAction":[{"@type":"ReadAction","target":["https:\/\/www.folklore.ee\/ars\/2014\/07\/28\/20-11-2014\/"]}]},{"@type":"BreadcrumbList","@id":"https:\/\/www.folklore.ee\/ars\/2014\/07\/28\/20-11-2014\/#breadcrumb","itemListElement":[{"@type":"ListItem","position":1,"name":"Avaleht","item":"https:\/\/www.folklore.ee\/ars\/"},{"@type":"ListItem","position":2,"name":"20.11.2014"}]},{"@type":"WebSite","@id":"https:\/\/www.folklore.ee\/ars\/#website","url":"https:\/\/www.folklore.ee\/ars\/","name":"Akadeemiline Rahvaluule Selts","description":"Folkloristide, \u00fcli\u00f5pilaste ja k\u00f5igi rahvaluulest huvitatute \u00fchendus, mis aitab kaasa rahvaluule kogumisele, tutvustamisele, uurimisele ja publitseerimisele.","potentialAction":[{"@type":"SearchAction","target":{"@type":"EntryPoint","urlTemplate":"https:\/\/www.folklore.ee\/ars\/?s={search_term_string}"},"query-input":"required name=search_term_string"}],"inLanguage":"en-US"},{"@type":"Person","@id":"https:\/\/www.folklore.ee\/ars\/#\/schema\/person\/62d498fabcd1c17f7bf20a0eb69e467d","name":"root","image":{"@type":"ImageObject","inLanguage":"en-US","@id":"https:\/\/www.folklore.ee\/ars\/#\/schema\/person\/image\/","url":"https:\/\/secure.gravatar.com\/avatar\/97e33e06b854b1f308d46767c9c9c963ff703406a58f50baa24c8dd349838c48?s=96&d=mm&r=g","contentUrl":"https:\/\/secure.gravatar.com\/avatar\/97e33e06b854b1f308d46767c9c9c963ff703406a58f50baa24c8dd349838c48?s=96&d=mm&r=g","caption":"root"},"sameAs":["https:\/\/folklore.ee\/ars"],"url":"https:\/\/www.folklore.ee\/ars\/author\/root\/"}]}},"_links":{"self":[{"href":"https:\/\/www.folklore.ee\/ars\/wp-json\/wp\/v2\/posts\/81","targetHints":{"allow":["GET"]}}],"collection":[{"href":"https:\/\/www.folklore.ee\/ars\/wp-json\/wp\/v2\/posts"}],"about":[{"href":"https:\/\/www.folklore.ee\/ars\/wp-json\/wp\/v2\/types\/post"}],"author":[{"embeddable":true,"href":"https:\/\/www.folklore.ee\/ars\/wp-json\/wp\/v2\/users\/1"}],"replies":[{"embeddable":true,"href":"https:\/\/www.folklore.ee\/ars\/wp-json\/wp\/v2\/comments?post=81"}],"version-history":[{"count":2,"href":"https:\/\/www.folklore.ee\/ars\/wp-json\/wp\/v2\/posts\/81\/revisions"}],"predecessor-version":[{"id":85,"href":"https:\/\/www.folklore.ee\/ars\/wp-json\/wp\/v2\/posts\/81\/revisions\/85"}],"wp:attachment":[{"href":"https:\/\/www.folklore.ee\/ars\/wp-json\/wp\/v2\/media?parent=81"}],"wp:term":[{"taxonomy":"category","embeddable":true,"href":"https:\/\/www.folklore.ee\/ars\/wp-json\/wp\/v2\/categories?post=81"},{"taxonomy":"post_tag","embeddable":true,"href":"https:\/\/www.folklore.ee\/ars\/wp-json\/wp\/v2\/tags?post=81"}],"curies":[{"name":"wp","href":"https:\/\/api.w.org\/{rel}","templated":true}]}}