{"id":75,"date":"2014-07-28T11:35:00","date_gmt":"2014-07-28T11:35:00","guid":{"rendered":"http:\/\/localhost\/ars\/?p=75"},"modified":"2024-08-05T09:12:42","modified_gmt":"2024-08-05T09:12:42","slug":"25-09-2014","status":"publish","type":"post","link":"https:\/\/www.folklore.ee\/ars\/2014\/07\/28\/25-09-2014\/","title":{"rendered":"25.09.2014"},"content":{"rendered":"\n<p><strong>Olete oodatud Akadeemilise Rahvaluule Seltsi k\u00f5nekoosolekule<\/strong><\/p>\n\n\n\n<p><strong>Neljap\u00e4eval, 25. septembril 2014 kell 16.15<br>Eesti Kirjandusmuuseumi saalis (Vanemuise 42)<\/strong><\/p>\n\n\n\n<p>Kavas:<\/p>\n\n\n\n<ul class=\"wp-block-list\">\n<li>Tuulikki Kurki (Ida-Soome \u00fclikool) &#8211; &#8220;Borders and Cultural Studies&#8221; (Ettekanne inglise keeles)<\/li>\n<\/ul>\n\n\n\n<p>V\u00e4ljaannete tutvustused:<\/p>\n\n\n\n<ul class=\"wp-block-list\">\n<li>Folklore 58 erinumber. Eesti ja l\u00e4ti folkloristide ja etnoloogide uurimusi Siberi rahvuskaaslastest.<br>K\u00fclalistoimetaja Anu Korb.<br><a href=\"http:\/\/www.folklore.ee\/folklore\/vol58\/\" target=\"_blank\" rel=\"noreferrer noopener\">http:\/\/www.folklore.ee\/folklore\/vol58\/<\/a><\/li>\n\n\n\n<li>Imemuinasjutud 2 (Eesti muinasjutud I:2).<br>Koost. Risto J\u00e4rv, Mairi Kaasik, K\u00e4rri Toomeos-Orglaan.<br><a href=\"http:\/\/www.folklore.ee\/kirjastus\/?raamat=55\" target=\"_blank\" rel=\"noreferrer noopener\">http:\/\/www.folklore.ee\/kirjastus\/?raamat=55<\/a><\/li>\n<\/ul>\n\n\n\n<p>K\u00f5ik on oodatud kuulama!<\/p>\n\n\n\n<p>K\u00f5nekoosoleku korraldajad:<\/p>\n\n\n\n<p>Akadeemiline rahvaluule selts, Tartu \u00dclikooli eesti ja v\u00f5rdleva rahvaluule osakond<br>Info: Tiiu Jaago 737 5214, Pihla Maria Siim 737 6256<\/p>\n\n\n\n<p>Ettekande l\u00fchitutvustus:<\/p>\n\n\n\n<p>The presentation highlights some intellectual trends that have been used in examining more or less explicit borders in the cultural research since the late nineteenth century until the twenty-first century in the European and Anglo-American contexts. The presentation focuses e.g. on questions: 1) what kinds of representations of borders the concepts and models introduced in these theories have created?; 2) what kind of additional understanding about borders cultural research can convey in the multidisciplinary field of border studies?; 3) who form the so-called interpretive community, that control the representations and interpretations of borders in the cultural research? This presentation argues that cultural research focusing on micro-level perspectives of individuals and groups at borders, is able to make visible such elementary understandings and meanings of borders that cannot be reached through the larger, dominating, macro-level perspectives, and therefore it is important to recognize these understandings about the borders. Furthermore, this paper claims that one of the strengths of cultural research is the diversification of the interpretive community that creates the representations of borders in research during the latter half of the twentieth century. Therefore, the understanding of borders has become more versatile in research.<\/p>\n\n\n\n<p>Tuulikki Kurki is a Senior Researcher in cultural studies at the Karelian Institute of the University of Eastern Finland and a Docent in Folklore research. Her research interests include Finnish language literature in Russian Karelia, writing cultures on borderlands, and amateur writers in Finland. In 2010\u20132014 she is a responsible leader of the research project &#8220;Writing Cultures and Traditions at Borderlands&#8221; funded by the Academy of Finland. (See www.uef.fi\/wctb)<\/p>\n\n\n\n<p>Tuulikki Kurki, Senior Researcher<br>Karelian Institute, University of Eastern Finland<br>tuulikki.kurki@uef.fi<br>www.uef.fi\/wctb<\/p>\n","protected":false},"excerpt":{"rendered":"<p>ARSi k\u00f5nekoosolek<\/p>\n","protected":false},"author":1,"featured_media":0,"comment_status":"closed","ping_status":"open","sticky":false,"template":"","format":"standard","meta":{"footnotes":""},"categories":[2],"tags":[],"class_list":["post-75","post","type-post","status-publish","format-standard","hentry","category-uritus"],"yoast_head":"<!-- This site is optimized with the Yoast SEO plugin v20.12 - https:\/\/yoast.com\/wordpress\/plugins\/seo\/ -->\n<title>25.09.2014 | Akadeemiline Rahvaluule Selts<\/title>\n<meta name=\"robots\" content=\"index, follow, max-snippet:-1, max-image-preview:large, max-video-preview:-1\" \/>\n<link rel=\"canonical\" href=\"https:\/\/www.folklore.ee\/ars\/2014\/07\/28\/25-09-2014\/\" \/>\n<meta property=\"og:locale\" content=\"en_US\" \/>\n<meta property=\"og:type\" content=\"article\" \/>\n<meta property=\"og:title\" content=\"25.09.2014 | Akadeemiline Rahvaluule Selts\" \/>\n<meta property=\"og:description\" content=\"ARSi k\u00f5nekoosolek\" \/>\n<meta property=\"og:url\" content=\"https:\/\/www.folklore.ee\/ars\/2014\/07\/28\/25-09-2014\/\" \/>\n<meta property=\"og:site_name\" content=\"Akadeemiline Rahvaluule Selts\" \/>\n<meta property=\"article:published_time\" content=\"2014-07-28T11:35:00+00:00\" \/>\n<meta property=\"article:modified_time\" content=\"2024-08-05T09:12:42+00:00\" \/>\n<meta name=\"author\" content=\"root\" \/>\n<meta name=\"twitter:card\" content=\"summary_large_image\" \/>\n<meta name=\"twitter:label1\" content=\"Written by\" \/>\n\t<meta name=\"twitter:data1\" content=\"root\" \/>\n\t<meta name=\"twitter:label2\" content=\"Est. reading time\" \/>\n\t<meta name=\"twitter:data2\" content=\"2 minutes\" \/>\n<script type=\"application\/ld+json\" class=\"yoast-schema-graph\">{\"@context\":\"https:\/\/schema.org\",\"@graph\":[{\"@type\":\"WebPage\",\"@id\":\"https:\/\/www.folklore.ee\/ars\/2014\/07\/28\/25-09-2014\/\",\"url\":\"https:\/\/www.folklore.ee\/ars\/2014\/07\/28\/25-09-2014\/\",\"name\":\"25.09.2014 | Akadeemiline Rahvaluule Selts\",\"isPartOf\":{\"@id\":\"https:\/\/www.folklore.ee\/ars\/#website\"},\"datePublished\":\"2014-07-28T11:35:00+00:00\",\"dateModified\":\"2024-08-05T09:12:42+00:00\",\"author\":{\"@id\":\"https:\/\/www.folklore.ee\/ars\/#\/schema\/person\/62d498fabcd1c17f7bf20a0eb69e467d\"},\"breadcrumb\":{\"@id\":\"https:\/\/www.folklore.ee\/ars\/2014\/07\/28\/25-09-2014\/#breadcrumb\"},\"inLanguage\":\"en-US\",\"potentialAction\":[{\"@type\":\"ReadAction\",\"target\":[\"https:\/\/www.folklore.ee\/ars\/2014\/07\/28\/25-09-2014\/\"]}]},{\"@type\":\"BreadcrumbList\",\"@id\":\"https:\/\/www.folklore.ee\/ars\/2014\/07\/28\/25-09-2014\/#breadcrumb\",\"itemListElement\":[{\"@type\":\"ListItem\",\"position\":1,\"name\":\"Avaleht\",\"item\":\"https:\/\/www.folklore.ee\/ars\/\"},{\"@type\":\"ListItem\",\"position\":2,\"name\":\"25.09.2014\"}]},{\"@type\":\"WebSite\",\"@id\":\"https:\/\/www.folklore.ee\/ars\/#website\",\"url\":\"https:\/\/www.folklore.ee\/ars\/\",\"name\":\"Akadeemiline Rahvaluule Selts\",\"description\":\"Folkloristide, \u00fcli\u00f5pilaste ja k\u00f5igi rahvaluulest huvitatute \u00fchendus, mis aitab kaasa rahvaluule kogumisele, tutvustamisele, uurimisele ja publitseerimisele.\",\"potentialAction\":[{\"@type\":\"SearchAction\",\"target\":{\"@type\":\"EntryPoint\",\"urlTemplate\":\"https:\/\/www.folklore.ee\/ars\/?s={search_term_string}\"},\"query-input\":\"required name=search_term_string\"}],\"inLanguage\":\"en-US\"},{\"@type\":\"Person\",\"@id\":\"https:\/\/www.folklore.ee\/ars\/#\/schema\/person\/62d498fabcd1c17f7bf20a0eb69e467d\",\"name\":\"root\",\"image\":{\"@type\":\"ImageObject\",\"inLanguage\":\"en-US\",\"@id\":\"https:\/\/www.folklore.ee\/ars\/#\/schema\/person\/image\/\",\"url\":\"https:\/\/secure.gravatar.com\/avatar\/97e33e06b854b1f308d46767c9c9c963ff703406a58f50baa24c8dd349838c48?s=96&d=mm&r=g\",\"contentUrl\":\"https:\/\/secure.gravatar.com\/avatar\/97e33e06b854b1f308d46767c9c9c963ff703406a58f50baa24c8dd349838c48?s=96&d=mm&r=g\",\"caption\":\"root\"},\"sameAs\":[\"https:\/\/folklore.ee\/ars\"],\"url\":\"https:\/\/www.folklore.ee\/ars\/author\/root\/\"}]}<\/script>\n<!-- \/ Yoast SEO plugin. -->","yoast_head_json":{"title":"25.09.2014 | Akadeemiline Rahvaluule Selts","robots":{"index":"index","follow":"follow","max-snippet":"max-snippet:-1","max-image-preview":"max-image-preview:large","max-video-preview":"max-video-preview:-1"},"canonical":"https:\/\/www.folklore.ee\/ars\/2014\/07\/28\/25-09-2014\/","og_locale":"en_US","og_type":"article","og_title":"25.09.2014 | Akadeemiline Rahvaluule Selts","og_description":"ARSi k\u00f5nekoosolek","og_url":"https:\/\/www.folklore.ee\/ars\/2014\/07\/28\/25-09-2014\/","og_site_name":"Akadeemiline Rahvaluule Selts","article_published_time":"2014-07-28T11:35:00+00:00","article_modified_time":"2024-08-05T09:12:42+00:00","author":"root","twitter_card":"summary_large_image","twitter_misc":{"Written by":"root","Est. reading time":"2 minutes"},"schema":{"@context":"https:\/\/schema.org","@graph":[{"@type":"WebPage","@id":"https:\/\/www.folklore.ee\/ars\/2014\/07\/28\/25-09-2014\/","url":"https:\/\/www.folklore.ee\/ars\/2014\/07\/28\/25-09-2014\/","name":"25.09.2014 | Akadeemiline Rahvaluule Selts","isPartOf":{"@id":"https:\/\/www.folklore.ee\/ars\/#website"},"datePublished":"2014-07-28T11:35:00+00:00","dateModified":"2024-08-05T09:12:42+00:00","author":{"@id":"https:\/\/www.folklore.ee\/ars\/#\/schema\/person\/62d498fabcd1c17f7bf20a0eb69e467d"},"breadcrumb":{"@id":"https:\/\/www.folklore.ee\/ars\/2014\/07\/28\/25-09-2014\/#breadcrumb"},"inLanguage":"en-US","potentialAction":[{"@type":"ReadAction","target":["https:\/\/www.folklore.ee\/ars\/2014\/07\/28\/25-09-2014\/"]}]},{"@type":"BreadcrumbList","@id":"https:\/\/www.folklore.ee\/ars\/2014\/07\/28\/25-09-2014\/#breadcrumb","itemListElement":[{"@type":"ListItem","position":1,"name":"Avaleht","item":"https:\/\/www.folklore.ee\/ars\/"},{"@type":"ListItem","position":2,"name":"25.09.2014"}]},{"@type":"WebSite","@id":"https:\/\/www.folklore.ee\/ars\/#website","url":"https:\/\/www.folklore.ee\/ars\/","name":"Akadeemiline Rahvaluule Selts","description":"Folkloristide, \u00fcli\u00f5pilaste ja k\u00f5igi rahvaluulest huvitatute \u00fchendus, mis aitab kaasa rahvaluule kogumisele, tutvustamisele, uurimisele ja publitseerimisele.","potentialAction":[{"@type":"SearchAction","target":{"@type":"EntryPoint","urlTemplate":"https:\/\/www.folklore.ee\/ars\/?s={search_term_string}"},"query-input":"required name=search_term_string"}],"inLanguage":"en-US"},{"@type":"Person","@id":"https:\/\/www.folklore.ee\/ars\/#\/schema\/person\/62d498fabcd1c17f7bf20a0eb69e467d","name":"root","image":{"@type":"ImageObject","inLanguage":"en-US","@id":"https:\/\/www.folklore.ee\/ars\/#\/schema\/person\/image\/","url":"https:\/\/secure.gravatar.com\/avatar\/97e33e06b854b1f308d46767c9c9c963ff703406a58f50baa24c8dd349838c48?s=96&d=mm&r=g","contentUrl":"https:\/\/secure.gravatar.com\/avatar\/97e33e06b854b1f308d46767c9c9c963ff703406a58f50baa24c8dd349838c48?s=96&d=mm&r=g","caption":"root"},"sameAs":["https:\/\/folklore.ee\/ars"],"url":"https:\/\/www.folklore.ee\/ars\/author\/root\/"}]}},"_links":{"self":[{"href":"https:\/\/www.folklore.ee\/ars\/wp-json\/wp\/v2\/posts\/75","targetHints":{"allow":["GET"]}}],"collection":[{"href":"https:\/\/www.folklore.ee\/ars\/wp-json\/wp\/v2\/posts"}],"about":[{"href":"https:\/\/www.folklore.ee\/ars\/wp-json\/wp\/v2\/types\/post"}],"author":[{"embeddable":true,"href":"https:\/\/www.folklore.ee\/ars\/wp-json\/wp\/v2\/users\/1"}],"replies":[{"embeddable":true,"href":"https:\/\/www.folklore.ee\/ars\/wp-json\/wp\/v2\/comments?post=75"}],"version-history":[{"count":1,"href":"https:\/\/www.folklore.ee\/ars\/wp-json\/wp\/v2\/posts\/75\/revisions"}],"predecessor-version":[{"id":76,"href":"https:\/\/www.folklore.ee\/ars\/wp-json\/wp\/v2\/posts\/75\/revisions\/76"}],"wp:attachment":[{"href":"https:\/\/www.folklore.ee\/ars\/wp-json\/wp\/v2\/media?parent=75"}],"wp:term":[{"taxonomy":"category","embeddable":true,"href":"https:\/\/www.folklore.ee\/ars\/wp-json\/wp\/v2\/categories?post=75"},{"taxonomy":"post_tag","embeddable":true,"href":"https:\/\/www.folklore.ee\/ars\/wp-json\/wp\/v2\/tags?post=75"}],"curies":[{"name":"wp","href":"https:\/\/api.w.org\/{rel}","templated":true}]}}