{"id":207,"date":"2021-08-01T15:36:00","date_gmt":"2021-08-01T15:36:00","guid":{"rendered":"http:\/\/localhost\/ars\/?p=207"},"modified":"2024-08-05T09:12:04","modified_gmt":"2024-08-05T09:12:04","slug":"28-01-2021","status":"publish","type":"post","link":"https:\/\/www.folklore.ee\/ars\/2021\/08\/01\/28-01-2021\/","title":{"rendered":"28.01.2021"},"content":{"rendered":"\n<p><strong>Akadeemilise Rahvaluule Seltsi k\u00f5nekoosolek<br>Neljap\u00e4eval, 28. jaanuaril 2021, kell 16.15<br>\u00dclikooli 16, ruumis 212<\/strong><\/p>\n\n\n\n<p>Head ARSi liikmed, kolleegid ja s\u00f5brad!<\/p>\n\n\n\n<p>Akadeemilise Rahvaluule Seltsi k\u00f5nekoosolekul peab ettekande <strong>Alina Oprelianska<\/strong> teemal <strong>\u201cCustomary Law and (Pre)Marriage: What Drives the Kind Girl\u2019s Journey in Ukrainian Variants of ATU 480 Tale\u201d<\/strong>.<\/p>\n\n\n\n<p>Alina Oprelianska on Tartu \u00fclikooli folkloristika 2. aasta doktorant, kelle uurimisvaldkonnad on soosuhted ukraina muinasjuttudes ja ukraina rahvausund.<\/p>\n\n\n\n<p>Ettekande teesid:<br>Marriage and beauty are considered to be an integral part of female fairy tales. However, the concept of the beauty might be different from what we got used to consider as \u201cbeautiful\u201d, as well as fairy tale tasks performance might be of another meaning than merely \u201cpatriarchal\u201d point of view on femininity.<\/p>\n\n\n\n<p>The current paper is going to elucidate some matters of Ukrainian customary law in a context of ATU 480 \u201cThe Kind and the Unkind Girls\u201d, or how it titles in Ukraine \u2013 \u201cThe Mare\u2019s Head\u201d. Some problems of the right to own property, matrilineal inheritance and dowry are going to be discussed. The right to own property will be revealed in connection with the concept of beauty. It aims to delineate how local customs and customary low might influence the meaning of the reward and the motivation of the journey.<\/p>\n\n\n\n<p>Koosolekut on v\u00f5imalik j\u00e4lgida ka veebikeskkonnas, mille lingi saadame kordusteatega.<\/p>\n\n\n\n<p>Lisainfo: Merili Metsvahi (<a href=\"mailto:merili.metsvahi@ut.ee\">merili.metsvahi@ut.ee<\/a>)<\/p>\n\n\n\n<p>Korraldajad: Tartu \u00fclikooli eesti ja v\u00f5rdleva rahvaluule osakond, Akadeemiline Rahvaluule Selts<\/p>\n","protected":false},"excerpt":{"rendered":"<p>ARSi k\u00f5nekoosolek<\/p>\n","protected":false},"author":1,"featured_media":0,"comment_status":"closed","ping_status":"open","sticky":false,"template":"","format":"standard","meta":{"footnotes":""},"categories":[2],"tags":[],"class_list":["post-207","post","type-post","status-publish","format-standard","hentry","category-uritus"],"yoast_head":"<!-- This site is optimized with the Yoast SEO plugin v20.12 - https:\/\/yoast.com\/wordpress\/plugins\/seo\/ -->\n<title>28.01.2021 | Akadeemiline Rahvaluule Selts<\/title>\n<meta name=\"robots\" content=\"index, follow, max-snippet:-1, max-image-preview:large, max-video-preview:-1\" \/>\n<link rel=\"canonical\" href=\"https:\/\/www.folklore.ee\/ars\/2021\/08\/01\/28-01-2021\/\" \/>\n<meta property=\"og:locale\" content=\"en_US\" \/>\n<meta property=\"og:type\" content=\"article\" \/>\n<meta property=\"og:title\" content=\"28.01.2021 | Akadeemiline Rahvaluule Selts\" \/>\n<meta property=\"og:description\" content=\"ARSi k\u00f5nekoosolek\" \/>\n<meta property=\"og:url\" content=\"https:\/\/www.folklore.ee\/ars\/2021\/08\/01\/28-01-2021\/\" \/>\n<meta property=\"og:site_name\" content=\"Akadeemiline Rahvaluule Selts\" \/>\n<meta property=\"article:published_time\" content=\"2021-08-01T15:36:00+00:00\" \/>\n<meta property=\"article:modified_time\" content=\"2024-08-05T09:12:04+00:00\" \/>\n<meta name=\"author\" content=\"root\" \/>\n<meta name=\"twitter:card\" content=\"summary_large_image\" \/>\n<meta name=\"twitter:label1\" content=\"Written by\" \/>\n\t<meta name=\"twitter:data1\" content=\"root\" \/>\n\t<meta name=\"twitter:label2\" content=\"Est. reading time\" \/>\n\t<meta name=\"twitter:data2\" content=\"2 minutes\" \/>\n<script type=\"application\/ld+json\" class=\"yoast-schema-graph\">{\"@context\":\"https:\/\/schema.org\",\"@graph\":[{\"@type\":\"WebPage\",\"@id\":\"https:\/\/www.folklore.ee\/ars\/2021\/08\/01\/28-01-2021\/\",\"url\":\"https:\/\/www.folklore.ee\/ars\/2021\/08\/01\/28-01-2021\/\",\"name\":\"28.01.2021 | Akadeemiline Rahvaluule Selts\",\"isPartOf\":{\"@id\":\"https:\/\/www.folklore.ee\/ars\/#website\"},\"datePublished\":\"2021-08-01T15:36:00+00:00\",\"dateModified\":\"2024-08-05T09:12:04+00:00\",\"author\":{\"@id\":\"https:\/\/www.folklore.ee\/ars\/#\/schema\/person\/62d498fabcd1c17f7bf20a0eb69e467d\"},\"breadcrumb\":{\"@id\":\"https:\/\/www.folklore.ee\/ars\/2021\/08\/01\/28-01-2021\/#breadcrumb\"},\"inLanguage\":\"en-US\",\"potentialAction\":[{\"@type\":\"ReadAction\",\"target\":[\"https:\/\/www.folklore.ee\/ars\/2021\/08\/01\/28-01-2021\/\"]}]},{\"@type\":\"BreadcrumbList\",\"@id\":\"https:\/\/www.folklore.ee\/ars\/2021\/08\/01\/28-01-2021\/#breadcrumb\",\"itemListElement\":[{\"@type\":\"ListItem\",\"position\":1,\"name\":\"Avaleht\",\"item\":\"https:\/\/www.folklore.ee\/ars\/\"},{\"@type\":\"ListItem\",\"position\":2,\"name\":\"28.01.2021\"}]},{\"@type\":\"WebSite\",\"@id\":\"https:\/\/www.folklore.ee\/ars\/#website\",\"url\":\"https:\/\/www.folklore.ee\/ars\/\",\"name\":\"Akadeemiline Rahvaluule Selts\",\"description\":\"Folkloristide, \u00fcli\u00f5pilaste ja k\u00f5igi rahvaluulest huvitatute \u00fchendus, mis aitab kaasa rahvaluule kogumisele, tutvustamisele, uurimisele ja publitseerimisele.\",\"potentialAction\":[{\"@type\":\"SearchAction\",\"target\":{\"@type\":\"EntryPoint\",\"urlTemplate\":\"https:\/\/www.folklore.ee\/ars\/?s={search_term_string}\"},\"query-input\":\"required name=search_term_string\"}],\"inLanguage\":\"en-US\"},{\"@type\":\"Person\",\"@id\":\"https:\/\/www.folklore.ee\/ars\/#\/schema\/person\/62d498fabcd1c17f7bf20a0eb69e467d\",\"name\":\"root\",\"image\":{\"@type\":\"ImageObject\",\"inLanguage\":\"en-US\",\"@id\":\"https:\/\/www.folklore.ee\/ars\/#\/schema\/person\/image\/\",\"url\":\"https:\/\/secure.gravatar.com\/avatar\/97e33e06b854b1f308d46767c9c9c963ff703406a58f50baa24c8dd349838c48?s=96&d=mm&r=g\",\"contentUrl\":\"https:\/\/secure.gravatar.com\/avatar\/97e33e06b854b1f308d46767c9c9c963ff703406a58f50baa24c8dd349838c48?s=96&d=mm&r=g\",\"caption\":\"root\"},\"sameAs\":[\"https:\/\/folklore.ee\/ars\"],\"url\":\"https:\/\/www.folklore.ee\/ars\/author\/root\/\"}]}<\/script>\n<!-- \/ Yoast SEO plugin. -->","yoast_head_json":{"title":"28.01.2021 | Akadeemiline Rahvaluule Selts","robots":{"index":"index","follow":"follow","max-snippet":"max-snippet:-1","max-image-preview":"max-image-preview:large","max-video-preview":"max-video-preview:-1"},"canonical":"https:\/\/www.folklore.ee\/ars\/2021\/08\/01\/28-01-2021\/","og_locale":"en_US","og_type":"article","og_title":"28.01.2021 | Akadeemiline Rahvaluule Selts","og_description":"ARSi k\u00f5nekoosolek","og_url":"https:\/\/www.folklore.ee\/ars\/2021\/08\/01\/28-01-2021\/","og_site_name":"Akadeemiline Rahvaluule Selts","article_published_time":"2021-08-01T15:36:00+00:00","article_modified_time":"2024-08-05T09:12:04+00:00","author":"root","twitter_card":"summary_large_image","twitter_misc":{"Written by":"root","Est. reading time":"2 minutes"},"schema":{"@context":"https:\/\/schema.org","@graph":[{"@type":"WebPage","@id":"https:\/\/www.folklore.ee\/ars\/2021\/08\/01\/28-01-2021\/","url":"https:\/\/www.folklore.ee\/ars\/2021\/08\/01\/28-01-2021\/","name":"28.01.2021 | Akadeemiline Rahvaluule Selts","isPartOf":{"@id":"https:\/\/www.folklore.ee\/ars\/#website"},"datePublished":"2021-08-01T15:36:00+00:00","dateModified":"2024-08-05T09:12:04+00:00","author":{"@id":"https:\/\/www.folklore.ee\/ars\/#\/schema\/person\/62d498fabcd1c17f7bf20a0eb69e467d"},"breadcrumb":{"@id":"https:\/\/www.folklore.ee\/ars\/2021\/08\/01\/28-01-2021\/#breadcrumb"},"inLanguage":"en-US","potentialAction":[{"@type":"ReadAction","target":["https:\/\/www.folklore.ee\/ars\/2021\/08\/01\/28-01-2021\/"]}]},{"@type":"BreadcrumbList","@id":"https:\/\/www.folklore.ee\/ars\/2021\/08\/01\/28-01-2021\/#breadcrumb","itemListElement":[{"@type":"ListItem","position":1,"name":"Avaleht","item":"https:\/\/www.folklore.ee\/ars\/"},{"@type":"ListItem","position":2,"name":"28.01.2021"}]},{"@type":"WebSite","@id":"https:\/\/www.folklore.ee\/ars\/#website","url":"https:\/\/www.folklore.ee\/ars\/","name":"Akadeemiline Rahvaluule Selts","description":"Folkloristide, \u00fcli\u00f5pilaste ja k\u00f5igi rahvaluulest huvitatute \u00fchendus, mis aitab kaasa rahvaluule kogumisele, tutvustamisele, uurimisele ja publitseerimisele.","potentialAction":[{"@type":"SearchAction","target":{"@type":"EntryPoint","urlTemplate":"https:\/\/www.folklore.ee\/ars\/?s={search_term_string}"},"query-input":"required name=search_term_string"}],"inLanguage":"en-US"},{"@type":"Person","@id":"https:\/\/www.folklore.ee\/ars\/#\/schema\/person\/62d498fabcd1c17f7bf20a0eb69e467d","name":"root","image":{"@type":"ImageObject","inLanguage":"en-US","@id":"https:\/\/www.folklore.ee\/ars\/#\/schema\/person\/image\/","url":"https:\/\/secure.gravatar.com\/avatar\/97e33e06b854b1f308d46767c9c9c963ff703406a58f50baa24c8dd349838c48?s=96&d=mm&r=g","contentUrl":"https:\/\/secure.gravatar.com\/avatar\/97e33e06b854b1f308d46767c9c9c963ff703406a58f50baa24c8dd349838c48?s=96&d=mm&r=g","caption":"root"},"sameAs":["https:\/\/folklore.ee\/ars"],"url":"https:\/\/www.folklore.ee\/ars\/author\/root\/"}]}},"_links":{"self":[{"href":"https:\/\/www.folklore.ee\/ars\/wp-json\/wp\/v2\/posts\/207","targetHints":{"allow":["GET"]}}],"collection":[{"href":"https:\/\/www.folklore.ee\/ars\/wp-json\/wp\/v2\/posts"}],"about":[{"href":"https:\/\/www.folklore.ee\/ars\/wp-json\/wp\/v2\/types\/post"}],"author":[{"embeddable":true,"href":"https:\/\/www.folklore.ee\/ars\/wp-json\/wp\/v2\/users\/1"}],"replies":[{"embeddable":true,"href":"https:\/\/www.folklore.ee\/ars\/wp-json\/wp\/v2\/comments?post=207"}],"version-history":[{"count":1,"href":"https:\/\/www.folklore.ee\/ars\/wp-json\/wp\/v2\/posts\/207\/revisions"}],"predecessor-version":[{"id":208,"href":"https:\/\/www.folklore.ee\/ars\/wp-json\/wp\/v2\/posts\/207\/revisions\/208"}],"wp:attachment":[{"href":"https:\/\/www.folklore.ee\/ars\/wp-json\/wp\/v2\/media?parent=207"}],"wp:term":[{"taxonomy":"category","embeddable":true,"href":"https:\/\/www.folklore.ee\/ars\/wp-json\/wp\/v2\/categories?post=207"},{"taxonomy":"post_tag","embeddable":true,"href":"https:\/\/www.folklore.ee\/ars\/wp-json\/wp\/v2\/tags?post=207"}],"curies":[{"name":"wp","href":"https:\/\/api.w.org\/{rel}","templated":true}]}}